{"id":29227,"date":"2023-09-18T15:49:23","date_gmt":"2023-09-18T13:49:23","guid":{"rendered":"https:\/\/www.nomos.de\/digital-media-economy-the-future-of-the-media-landscape-in-the-digital-era\/"},"modified":"2023-11-21T16:59:33","modified_gmt":"2023-11-21T15:59:33","slug":"digital-media-economy-the-future-of-the-media-landscape-in-the-digital-era","status":"publish","type":"post","link":"https:\/\/www.nomos.de\/en\/digital-media-economy-the-future-of-the-media-landscape-in-the-digital-era\/","title":{"rendered":"Digital media economy: The future of the media landscape in the digital era"},"content":{"rendered":"<section class=\"content-news-article-header news-section \">\n    <div class=\"text-item\">\n                    <div class=\"content-news-article-header__terms\">\n                                            <\/div>\n        \n                    <h2>Digital media economy: The future of the media landscape in the digital era<\/h2>\n            <\/div>\n\n    <div class=\"image-item\">\n            <picture class=\"content-block__image\">\n                                    \n                                                                                        \n                                                                    \n                                    <source\n                            type=\"image\/webp\"\n                            srcset=\"                                                                                                                                https:\/\/www.nomos.de\/wp-content\/uploads\/2023\/09\/HP-Headerbild-2000\u00d7-712-px-12-2000x0-c-default.webp 2000w\n                                                                                                                \"\n                            sizes=\"(min-width: 1028px) 620px, 490px\"\n                    >\n                                            \n                                                                                        \n                                                                    \n                                    <img decoding=\"async\"\n                                                    loading=\"eager\"\n                                                decode=\"async\"\n                        src=\"https:\/\/www.nomos.de\/wp-content\/uploads\/2023\/09\/HP-Headerbild-2000\u00d7-712-px-12-50x0-c-default.jpg\"\n                        srcset=\"                                                                                                                                https:\/\/www.nomos.de\/wp-content\/uploads\/2023\/09\/HP-Headerbild-2000\u00d7-712-px-12-2000x0-c-default.jpg 2000w\n                                                                                                                \"\n                        sizes=\"(min-width: 1028px) 620px, 490px\"\n                        alt=\"\"\n                        \n                        width=\"2000\"\n                        height=\"\"\n                    >\n                                        <\/picture>\n\n    <\/div>\n<\/section>\n<section class=\"content-news-article-text news-section \">\n    <div class=\"text-inner\">\n                    <h3>The authors of the new book &#8220;Digitale Medien\u00f6konomie&#8221; Prof. Dr Klaus-Dieter Altmeppen, Dr Pamela N\u00f6lleke-Przybylski, Korbinian Klinghardt and Anna Zimmermann discuss three provocative theses<\/h3>\n        \n                    <p><strong>Die Digitalisierung bedroht die kulturelle Integrit\u00e4t von Medienprodukten<\/strong><\/p>\n<p><em>Die kulturelle Integrit\u00e4t von Medienprodukten ist nicht per se bedroht, nur weil Medienprodukte jetzt eine digitale Form haben oder in einem digitalen Kontext vertrieben oder dargestellt werden. Sie nehmen ganz neue Formen an \u2013 und das erweitert die Palette der Darstellungsweise im positiven Sinne. Sie werden anders finanziert \u2013 die Finanzierung wird angesichts der Logik der Internet\u00f6konomie aber auch komplexer: Kulturelle Besonderheiten sind aufwendig und damit teuer herzustellen und zugleich oft nicht massentauglich und skalierbar, w\u00e4hrend der digitale Raum mit der M\u00f6glichkeit grenzenlosen Vertriebs lockt. Das Gleiche m\u00f6glichst breit zu vertreiben, lohnt am meisten. Der kulturelle Wert von Medienprodukten ist aber durch die Digitalisierung nicht weg. Sie verf\u00fcgen in jeglicher Form erst einmal \u00fcber einen kulturellen Wert. Nat\u00fcrlich gibt es aber unterschiedliche Formen von Medienprodukten, an die unterschiedliche Bewertungsma\u00dfst\u00e4be angelegt werden. Journalistische Produkte haben z.B. eine andere gesellschaftliche Funktion als Unterhaltungsprodukte. Unter anderem weil im Digitalen jede und jeder Nachrichten, Videos usw. ver\u00f6ffentlichen kann, wird es sicherlich schwieriger zwischen Journalismus und Unterhaltung zu unterscheiden und daher zu bewerten, ob diese kulturelle Funktion und damit auch die kulturelle Integrit\u00e4t von Medienprodukten irgendwie konterkariert wird. Ist dieser Text Journalismus? Steckt hinter diesem Feature ein Unternehmen? Auf dieser Ebene wird es un\u00fcbersichtlicher.<\/em><\/p>\n<p><strong><br \/>\n<\/strong><strong>Die Dominanz gro\u00dfer Plattformen gef\u00e4hrdet die Vielfalt und Unabh\u00e4ngigkeit der Medienlandschaft<\/strong><\/p>\n<p><em>Nat\u00fcrlich steht eine Dominanz von Plattformunternehmen wie Meta f\u00fcr eine Form der Monopolisierung. Und Monopolisierung ist nat\u00fcrlich das Gegenst\u00fcck zu Vielfalt und bedroht damit die Vielfalt der Medienunternehmen und auch ihre Unabh\u00e4ngigkeit, die ja durch finanzielle Unabh\u00e4ngigkeit gespeist wird. Wenn bestimmte Player auf einem Markt besonders viel Macht haben \u2013 auf dem Nutzungsmarkt genauso wie auf dem Werbemarkt \u2013 dann ist es f\u00fcr andere Marktteilnehmer schwierig, sich dort zu behaupten. Es muss mit Regulierung eingegriffen werden, damit gleiche Regeln gelten und Medienunternehmen finanziell \u00fcberleben k\u00f6nnen.<\/em><\/p>\n<p><em><br \/>\n<\/em><strong>Die Anpassungsf\u00e4higkeit des Medienmanagements entscheidet \u00fcber den Erfolg in der digitalen Transformation<\/strong><\/p>\n<p><em>Digitale Transformation ist, wie der Begriff es ja selbst schon sagt, etwas Dynamisches. Es ist nichts, auf das man sich einmal mit einem Plan einstellt, den man dann durchzieht. Viele Entwicklungen und ihre Dynamik sind gar nicht absehbar \u2013 man nehme nur mal das Beispiel K\u00fcnstliche Intelligenz, wo aktuell mit ChatGPT ein starker Schub sichtbar ist. Daher muss das Medienmanagement in seinen Entscheidungen flexibel bleiben. Das gilt genauso f\u00fcr das Redaktionsmanagement und f\u00fcr den Austausch zwischen Redaktions- und Medienmanagement. Wenn eine Redaktion Produkte oder Prozesse innovativ aufsetzt wird beispielsweise noch zu wenig daf\u00fcr gesorgt, dass auch andere Abteilungen oder Redaktionen davon lernen und es im Unternehmen nachhallt. Digitale Transformation im Medienunternehmen kann nicht starr von oben entschieden werden.<\/em><\/p>\n\n            <\/div>\n<\/section>\n<section class=\"content-news-article-quote news-section \">\n    <div class=\"text-inner \">\n                    <p>\n                <svg aria-hidden=\"true\" class=\"content-news-article-quote__arrow\" width=\"30\" height=\"24\" viewBox=\"0 0 30 24\" fill=\"none\" xmlns=\"http:\/\/www.w3.org\/2000\/svg\"><path d=\"M30 12.2892L20.6747 23.8795L13.8072 20.3373L20.4337 11.9518L13.8072 3.59036L20.6747 0L30 11.6386V12.2892ZM16.1205 12.2892L6.79518 23.8795L0 20.3373L6.55422 11.9518L0 3.59036L6.79518 0L16.1205 11.6386V12.2892Z\" fill=\"currentColor\"\/><\/svg>\n\n                Many developments and their dynamics are not even foreseeable &#8211; just take the example of artificial intelligence, where a strong push is currently visible with ChatGPT. Media management must therefore remain flexible in its decisions. \n\n                <svg aria-hidden=\"true\" class=\"content-news-article-quote__arrow content-news-article-quote__arrow--right\" width=\"30\" height=\"24\" viewBox=\"0 0 30 24\" fill=\"none\" xmlns=\"http:\/\/www.w3.org\/2000\/svg\"><path d=\"M30 12.2892L20.6747 23.8795L13.8072 20.3373L20.4337 11.9518L13.8072 3.59036L20.6747 0L30 11.6386V12.2892ZM16.1205 12.2892L6.79518 23.8795L0 20.3373L6.55422 11.9518L0 3.59036L6.79518 0L16.1205 11.6386V12.2892Z\" fill=\"currentColor\"\/><\/svg>\n            <\/p>\n        \n        <span>\n                            <strong>The authors\n\n                                                                \n                <\/strong>\n            \n                    <\/span>\n    <\/div>\n<\/section>\n<section class=\"content-news-article-text news-section \">\n    <div class=\"text-inner\">\n        \n                    <p>The textbook &#8220;Digitale Medien\u00f6konomie&#8221; not only offers a well-founded insight into the world of digital media economics, but also encourages an in-depth examination of the future of the media industry. The discussion of the three theses mentioned above makes it clear that digitalisation brings with it challenges, but also creates new opportunities and potential for the media landscape. The authors and editors encourage readers to take advantage of these opportunities and play an active role in shaping a diverse and inclusive digital media landscape.<\/p>\n\n            <\/div>\n<\/section>\n<section class=\"content-news-article-link news-section \">\n    <div class=\"text-inner\">\n\n        \n            <a href=\"https:\/\/www.nomos-shop.de\/nomos\/titel\/digitale-medienoekonomie-id-89148\/\" target=\"_blank\" rel=\"noopener\">\n                <div class=\"link\">\n                    <p>\n                        About the book\n                        <span>https:\/\/www.nomos-shop.de\/nomos\/titel\/digitale-medienoekonomie-id-89148\/<\/span>\n                    <\/p>\n                <\/div>\n            <\/a>\n        \n    <\/div>\n<\/section>\n<section class=\"social-icons \">\n    <div class=\"text-inner\">\n\n    <h4 class=\"social-icons__headline\">\n        Diesen Beitrag teilen:\n    <\/h4>\n\n    <ul class=\"social-icons__list\">\n        <li class=\"social-icons__list-item\">\n            <a href=\"mailto:?body=https%3A%2F%2Fwww.nomos.de%2Fen%2Fwp-json%2Fwp%2Fv2%2Fposts%2F29227\"\n               rel=\"noreferer noopener\"\n               target=\"_blank\"\n               class=\"social-icons__link\">\n                <span class=\"screen-reader-text\">Mail<\/span>\n\n                <svg aria-hidden=\"true\" class=\"social-icons__icon\" viewBox=\"0 0 24 24\" fill=\"none\" xmlns=\"http:\/\/www.w3.org\/2000\/svg\"><path d=\"M21 5.25L12 13.5L3 5.25\" stroke=\"currentColor\" stroke-width=\"2\"\/><rect x=\"3\" y=\"5\" width=\"18\" height=\"14\" stroke=\"currentColor\" stroke-width=\"2\"\/><\/svg>\n            <\/a>\n        <\/li>\n\n        <li class=\"social-icons__list-item\">\n            <a href=\"https:\/\/www.facebook.com\/sharer\/sharer.php?display=page&#038;u=https%3A%2F%2Fwww.nomos.de%2Fen%2Fwp-json%2Fwp%2Fv2%2Fposts%2F29227\"\n               rel=\"noreferer noopener\"\n               target=\"_blank\"\n               class=\"social-icons__link\">\n                <span class=\"screen-reader-text\">Facebook<\/span>\n\n                <svg aria-hidden=\"true\" class=\"social-icons__icon\" viewBox=\"0 0 24 24\" fill=\"none\" xmlns=\"http:\/\/www.w3.org\/2000\/svg\"><path fill-rule=\"evenodd\" clip-rule=\"evenodd\" d=\"M12 3C16.9706 3 21 7.02943 21 12C21 16.4921 17.7088 20.2155 13.4062 20.8907V14.6016H15.5033L15.9023 12H13.4062V10.3125C13.4062 9.60076 13.755 8.90625 14.873 8.90625H16.0078V6.69141C16.0078 6.69141 15.219 6.55682 14.3624 6.52318C14.24 6.51837 14.1162 6.51562 13.9932 6.51562C11.9374 6.51562 10.5938 7.76156 10.5938 10.0172V12H8.30859V14.6016H10.5938V20.8907C6.29115 20.2155 3 16.4921 3 12C3 7.02943 7.02943 3 12 3Z\" fill=\"currentColor\"\/><\/svg>\n            <\/a>\n        <\/li>\n\n        <li class=\"social-icons__list-item\">\n            <a href=\"https:\/\/twitter.com\/intent\/tweet?url=https%3A%2F%2Fwww.nomos.de%2Fen%2Fwp-json%2Fwp%2Fv2%2Fposts%2F29227\"\n               rel=\"noreferer noopener\"\n               target=\"_blank\"\n               class=\"social-icons__link\">\n                <span class=\"screen-reader-text\">X<\/span>\n\n                <svg aria-hidden=\"true\" width=\"16\" height=\"16\" viewBox=\"0 0 1200 1227\" xmlns=\"http:\/\/www.w3.org\/2000\/svg\">\n    <path d=\"M714.163 519.284L1160.89 0H1055.03L667.137 450.887L357.328 0H0L468.492 681.821L0 1226.37H105.866L515.491 750.218L842.672 1226.37H1200L714.137 519.284H714.163ZM569.165 687.828L521.697 619.934L144.011 79.6944H306.615L611.412 515.685L658.88 583.579L1055.08 1150.3H892.476L569.165 687.854V687.828Z\" \/>\n<\/svg>\n            <\/a>\n        <\/li>\n\n        <li class=\"social-icons__list-item\">\n            <a href=\"https:\/\/www.linkedin.com\/sharing\/share-offsite\/?url=https%3A%2F%2Fwww.nomos.de%2Fen%2Fwp-json%2Fwp%2Fv2%2Fposts%2F29227\"\n               rel=\"noreferer noopener\"\n               target=\"_blank\"\n               class=\"social-icons__link\">\n                <span class=\"screen-reader-text\">LinkedIn<\/span>\n\n                <svg aria-hidden=\"true\" class=\"social-icons__icon\" viewBox=\"0 0 24 24\" fill=\"none\" xmlns=\"http:\/\/www.w3.org\/2000\/svg\"><path d=\"M19.6712 3H4.32875C3.97634 3 3.63837 3.13999 3.38918 3.38918C3.13999 3.63837 3 3.97634 3 4.32875V19.6712C3 20.0237 3.13999 20.3616 3.38918 20.6108C3.63837 20.86 3.97634 21 4.32875 21H19.6712C20.0237 21 20.3616 20.86 20.6108 20.6108C20.86 20.3616 21 20.0237 21 19.6712V4.32875C21 3.97634 20.86 3.63837 20.6108 3.38918C20.3616 3.13999 20.0237 3 19.6712 3ZM8.365 18.3337H5.65875V9.7375H8.365V18.3337ZM7.01 8.54625C6.70302 8.54452 6.40344 8.4519 6.14905 8.28007C5.89466 8.10823 5.69688 7.8649 5.58066 7.58077C5.46444 7.29664 5.43499 6.98444 5.49602 6.68359C5.55706 6.38274 5.70585 6.10671 5.92362 5.89034C6.14138 5.67396 6.41836 5.52695 6.7196 5.46785C7.02084 5.40874 7.33283 5.4402 7.61621 5.55824C7.89959 5.67628 8.14165 5.87563 8.31185 6.13111C8.48204 6.38659 8.57274 6.68677 8.5725 6.99375C8.5754 7.19928 8.53688 7.40328 8.45926 7.5936C8.38163 7.78393 8.26649 7.95668 8.12068 8.10155C7.97487 8.24643 7.80139 8.36046 7.61057 8.43686C7.41975 8.51326 7.2155 8.55047 7.01 8.54625ZM18.34 18.3412H15.635V13.645C15.635 12.26 15.0463 11.8325 14.2863 11.8325C13.4838 11.8325 12.6962 12.4375 12.6962 13.68V18.3412H9.99V9.74375H12.5925V10.935H12.6275C12.8888 10.4063 13.8038 9.5025 15.2 9.5025C16.71 9.5025 18.3412 10.3988 18.3412 13.0238L18.34 18.3412Z\" fill=\"currentColor\"\/><\/svg>\n            <\/a>\n        <\/li>\n    <\/ul>\n    <\/div>\n<\/section>\n\n<section class=\"news-related-slider \">\n    <div class=\"news-related-slider__section-header\">\n        <h3>Related Articles<\/h3>\n    <\/div>\n\n    <div class=\"container news-related-slider__container swiper-container js-news-related-slider\">\n        <div class=\"news-related-slider__slider-wrapper swiper-wrapper\">\n                                            \n                                                            \n                                                            \n                                    <\/div>\n    <\/div>\n\n    <div class=\"news-related-slider__navigation\">\n        <div class=\"news-related-slider__button news-related-slider__button--next js-news-related-slider-next\"><\/div>\n        <div class=\"news-related-slider__button news-related-slider__button--previous js-news-related-slider-previous disabled\"><\/div>\n    <\/div>\n<\/section>\n","protected":false},"excerpt":{"rendered":"","protected":false},"author":6,"featured_media":27254,"comment_status":"closed","ping_status":"open","sticky":false,"template":"","format":"standard","meta":{"_acf_changed":false,"footnotes":""},"categories":[138],"tags":[],"class_list":["post-29227","post","type-post","status-publish","format-standard","has-post-thumbnail","hentry","category-all"],"acf":[],"yoast_head":"<!-- This site is optimized with the Yoast SEO Premium plugin v26.1 (Yoast SEO v26.2) - https:\/\/yoast.com\/wordpress\/plugins\/seo\/ -->\n<title>Digital media economy: The future of the media landscape in the digital era - nomos.de<\/title>\n<meta name=\"description\" content=\"Neuigkeiten aus der Nomos Verlagsgesellschaft. Aktuelles auf einen Blick.\" \/>\n<meta name=\"robots\" content=\"index, follow, max-snippet:-1, max-image-preview:large, max-video-preview:-1\" \/>\n<link rel=\"canonical\" href=\"https:\/\/www.nomos.de\/en\/digital-media-economy-the-future-of-the-media-landscape-in-the-digital-era\/\" \/>\n<meta property=\"og:locale\" content=\"en_US\" \/>\n<meta property=\"og:type\" content=\"article\" \/>\n<meta property=\"og:title\" content=\"Digital media economy: The future of the media landscape in the digital era\" \/>\n<meta property=\"og:description\" content=\"Neuigkeiten aus der Nomos Verlagsgesellschaft. Aktuelles auf einen Blick.\" \/>\n<meta property=\"og:url\" content=\"https:\/\/www.nomos.de\/en\/digital-media-economy-the-future-of-the-media-landscape-in-the-digital-era\/\" \/>\n<meta property=\"og:site_name\" content=\"nomos.de\" \/>\n<meta property=\"article:published_time\" content=\"2023-09-18T13:49:23+00:00\" \/>\n<meta property=\"article:modified_time\" content=\"2023-11-21T15:59:33+00:00\" \/>\n<meta property=\"og:image\" content=\"https:\/\/www.nomos.de\/wp-content\/uploads\/2023\/09\/HP-Beitragsbild-632-\u00d7-320-px-13.jpg\" \/>\n\t<meta property=\"og:image:width\" content=\"632\" \/>\n\t<meta property=\"og:image:height\" content=\"320\" \/>\n\t<meta property=\"og:image:type\" content=\"image\/jpeg\" \/>\n<meta name=\"author\" content=\"Caroline Haeuser\" \/>\n<meta name=\"twitter:card\" content=\"summary_large_image\" \/>\n<meta name=\"twitter:label1\" content=\"Written by\" \/>\n\t<meta name=\"twitter:data1\" content=\"Caroline Haeuser\" \/>\n<script type=\"application\/ld+json\" class=\"yoast-schema-graph\">{\"@context\":\"https:\/\/schema.org\",\"@graph\":[{\"@type\":\"Article\",\"@id\":\"https:\/\/www.nomos.de\/en\/digital-media-economy-the-future-of-the-media-landscape-in-the-digital-era\/#article\",\"isPartOf\":{\"@id\":\"https:\/\/www.nomos.de\/en\/digital-media-economy-the-future-of-the-media-landscape-in-the-digital-era\/\"},\"author\":{\"name\":\"Caroline Haeuser\",\"@id\":\"https:\/\/www.nomos.de\/en\/#\/schema\/person\/73fcfbd15e15cb3492c286f1003fee36\"},\"headline\":\"Digital media economy: The future of the media landscape in the digital era\",\"datePublished\":\"2023-09-18T13:49:23+00:00\",\"dateModified\":\"2023-11-21T15:59:33+00:00\",\"mainEntityOfPage\":{\"@id\":\"https:\/\/www.nomos.de\/en\/digital-media-economy-the-future-of-the-media-landscape-in-the-digital-era\/\"},\"wordCount\":13,\"publisher\":{\"@id\":\"https:\/\/www.nomos.de\/en\/#organization\"},\"image\":{\"@id\":\"https:\/\/www.nomos.de\/en\/digital-media-economy-the-future-of-the-media-landscape-in-the-digital-era\/#primaryimage\"},\"thumbnailUrl\":\"https:\/\/www.nomos.de\/wp-content\/uploads\/2023\/09\/HP-Beitragsbild-632-\u00d7-320-px-13.jpg\",\"articleSection\":[\"All\"],\"inLanguage\":\"en-US\"},{\"@type\":\"WebPage\",\"@id\":\"https:\/\/www.nomos.de\/en\/digital-media-economy-the-future-of-the-media-landscape-in-the-digital-era\/\",\"url\":\"https:\/\/www.nomos.de\/en\/digital-media-economy-the-future-of-the-media-landscape-in-the-digital-era\/\",\"name\":\"Digital media economy: The future of the media landscape in the digital era - nomos.de\",\"isPartOf\":{\"@id\":\"https:\/\/www.nomos.de\/en\/#website\"},\"primaryImageOfPage\":{\"@id\":\"https:\/\/www.nomos.de\/en\/digital-media-economy-the-future-of-the-media-landscape-in-the-digital-era\/#primaryimage\"},\"image\":{\"@id\":\"https:\/\/www.nomos.de\/en\/digital-media-economy-the-future-of-the-media-landscape-in-the-digital-era\/#primaryimage\"},\"thumbnailUrl\":\"https:\/\/www.nomos.de\/wp-content\/uploads\/2023\/09\/HP-Beitragsbild-632-\u00d7-320-px-13.jpg\",\"datePublished\":\"2023-09-18T13:49:23+00:00\",\"dateModified\":\"2023-11-21T15:59:33+00:00\",\"description\":\"Neuigkeiten aus der Nomos Verlagsgesellschaft. Aktuelles auf einen Blick.\",\"breadcrumb\":{\"@id\":\"https:\/\/www.nomos.de\/en\/digital-media-economy-the-future-of-the-media-landscape-in-the-digital-era\/#breadcrumb\"},\"inLanguage\":\"en-US\",\"potentialAction\":[{\"@type\":\"ReadAction\",\"target\":[\"https:\/\/www.nomos.de\/en\/digital-media-economy-the-future-of-the-media-landscape-in-the-digital-era\/\"]}]},{\"@type\":\"ImageObject\",\"inLanguage\":\"en-US\",\"@id\":\"https:\/\/www.nomos.de\/en\/digital-media-economy-the-future-of-the-media-landscape-in-the-digital-era\/#primaryimage\",\"url\":\"https:\/\/www.nomos.de\/wp-content\/uploads\/2023\/09\/HP-Beitragsbild-632-\u00d7-320-px-13.jpg\",\"contentUrl\":\"https:\/\/www.nomos.de\/wp-content\/uploads\/2023\/09\/HP-Beitragsbild-632-\u00d7-320-px-13.jpg\",\"width\":632,\"height\":320},{\"@type\":\"BreadcrumbList\",\"@id\":\"https:\/\/www.nomos.de\/en\/digital-media-economy-the-future-of-the-media-landscape-in-the-digital-era\/#breadcrumb\",\"itemListElement\":[{\"@type\":\"ListItem\",\"position\":1,\"name\":\"Startseite\",\"item\":\"https:\/\/www.nomos.de\/en\/\"},{\"@type\":\"ListItem\",\"position\":2,\"name\":\"Digital media economy: The future of the media landscape in the digital era\"}]},{\"@type\":\"WebSite\",\"@id\":\"https:\/\/www.nomos.de\/en\/#website\",\"url\":\"https:\/\/www.nomos.de\/en\/\",\"name\":\"nomos.de\",\"description\":\"\",\"publisher\":{\"@id\":\"https:\/\/www.nomos.de\/en\/#organization\"},\"potentialAction\":[{\"@type\":\"SearchAction\",\"target\":{\"@type\":\"EntryPoint\",\"urlTemplate\":\"https:\/\/www.nomos.de\/en\/?s={search_term_string}\"},\"query-input\":{\"@type\":\"PropertyValueSpecification\",\"valueRequired\":true,\"valueName\":\"search_term_string\"}}],\"inLanguage\":\"en-US\"},{\"@type\":\"Organization\",\"@id\":\"https:\/\/www.nomos.de\/en\/#organization\",\"name\":\"Nomos\",\"url\":\"https:\/\/www.nomos.de\/en\/\",\"logo\":{\"@type\":\"ImageObject\",\"inLanguage\":\"en-US\",\"@id\":\"https:\/\/www.nomos.de\/en\/#\/schema\/logo\/image\/\",\"url\":\"https:\/\/www.nomos.de\/wp-content\/uploads\/2023\/06\/favicon.png\",\"contentUrl\":\"https:\/\/www.nomos.de\/wp-content\/uploads\/2023\/06\/favicon.png\",\"width\":225,\"height\":225,\"caption\":\"Nomos\"},\"image\":{\"@id\":\"https:\/\/www.nomos.de\/en\/#\/schema\/logo\/image\/\"}},{\"@type\":\"Person\",\"@id\":\"https:\/\/www.nomos.de\/en\/#\/schema\/person\/73fcfbd15e15cb3492c286f1003fee36\",\"name\":\"Caroline Haeuser\",\"sameAs\":[\"http:\/\/www.nomos.de\"],\"url\":\"https:\/\/www.nomos.de\/en\/author\/chaeuser\/\"}]}<\/script>\n<!-- \/ Yoast SEO Premium plugin. -->","yoast_head_json":{"title":"Digital media economy: The future of the media landscape in the digital era - nomos.de","description":"Neuigkeiten aus der Nomos Verlagsgesellschaft. Aktuelles auf einen Blick.","robots":{"index":"index","follow":"follow","max-snippet":"max-snippet:-1","max-image-preview":"max-image-preview:large","max-video-preview":"max-video-preview:-1"},"canonical":"https:\/\/www.nomos.de\/en\/digital-media-economy-the-future-of-the-media-landscape-in-the-digital-era\/","og_locale":"en_US","og_type":"article","og_title":"Digital media economy: The future of the media landscape in the digital era","og_description":"Neuigkeiten aus der Nomos Verlagsgesellschaft. Aktuelles auf einen Blick.","og_url":"https:\/\/www.nomos.de\/en\/digital-media-economy-the-future-of-the-media-landscape-in-the-digital-era\/","og_site_name":"nomos.de","article_published_time":"2023-09-18T13:49:23+00:00","article_modified_time":"2023-11-21T15:59:33+00:00","og_image":[{"width":632,"height":320,"url":"https:\/\/www.nomos.de\/wp-content\/uploads\/2023\/09\/HP-Beitragsbild-632-\u00d7-320-px-13.jpg","type":"image\/jpeg"}],"author":"Caroline Haeuser","twitter_card":"summary_large_image","twitter_misc":{"Written by":"Caroline Haeuser"},"schema":{"@context":"https:\/\/schema.org","@graph":[{"@type":"Article","@id":"https:\/\/www.nomos.de\/en\/digital-media-economy-the-future-of-the-media-landscape-in-the-digital-era\/#article","isPartOf":{"@id":"https:\/\/www.nomos.de\/en\/digital-media-economy-the-future-of-the-media-landscape-in-the-digital-era\/"},"author":{"name":"Caroline Haeuser","@id":"https:\/\/www.nomos.de\/en\/#\/schema\/person\/73fcfbd15e15cb3492c286f1003fee36"},"headline":"Digital media economy: The future of the media landscape in the digital era","datePublished":"2023-09-18T13:49:23+00:00","dateModified":"2023-11-21T15:59:33+00:00","mainEntityOfPage":{"@id":"https:\/\/www.nomos.de\/en\/digital-media-economy-the-future-of-the-media-landscape-in-the-digital-era\/"},"wordCount":13,"publisher":{"@id":"https:\/\/www.nomos.de\/en\/#organization"},"image":{"@id":"https:\/\/www.nomos.de\/en\/digital-media-economy-the-future-of-the-media-landscape-in-the-digital-era\/#primaryimage"},"thumbnailUrl":"https:\/\/www.nomos.de\/wp-content\/uploads\/2023\/09\/HP-Beitragsbild-632-\u00d7-320-px-13.jpg","articleSection":["All"],"inLanguage":"en-US"},{"@type":"WebPage","@id":"https:\/\/www.nomos.de\/en\/digital-media-economy-the-future-of-the-media-landscape-in-the-digital-era\/","url":"https:\/\/www.nomos.de\/en\/digital-media-economy-the-future-of-the-media-landscape-in-the-digital-era\/","name":"Digital media economy: The future of the media landscape in the digital era - nomos.de","isPartOf":{"@id":"https:\/\/www.nomos.de\/en\/#website"},"primaryImageOfPage":{"@id":"https:\/\/www.nomos.de\/en\/digital-media-economy-the-future-of-the-media-landscape-in-the-digital-era\/#primaryimage"},"image":{"@id":"https:\/\/www.nomos.de\/en\/digital-media-economy-the-future-of-the-media-landscape-in-the-digital-era\/#primaryimage"},"thumbnailUrl":"https:\/\/www.nomos.de\/wp-content\/uploads\/2023\/09\/HP-Beitragsbild-632-\u00d7-320-px-13.jpg","datePublished":"2023-09-18T13:49:23+00:00","dateModified":"2023-11-21T15:59:33+00:00","description":"Neuigkeiten aus der Nomos Verlagsgesellschaft. Aktuelles auf einen Blick.","breadcrumb":{"@id":"https:\/\/www.nomos.de\/en\/digital-media-economy-the-future-of-the-media-landscape-in-the-digital-era\/#breadcrumb"},"inLanguage":"en-US","potentialAction":[{"@type":"ReadAction","target":["https:\/\/www.nomos.de\/en\/digital-media-economy-the-future-of-the-media-landscape-in-the-digital-era\/"]}]},{"@type":"ImageObject","inLanguage":"en-US","@id":"https:\/\/www.nomos.de\/en\/digital-media-economy-the-future-of-the-media-landscape-in-the-digital-era\/#primaryimage","url":"https:\/\/www.nomos.de\/wp-content\/uploads\/2023\/09\/HP-Beitragsbild-632-\u00d7-320-px-13.jpg","contentUrl":"https:\/\/www.nomos.de\/wp-content\/uploads\/2023\/09\/HP-Beitragsbild-632-\u00d7-320-px-13.jpg","width":632,"height":320},{"@type":"BreadcrumbList","@id":"https:\/\/www.nomos.de\/en\/digital-media-economy-the-future-of-the-media-landscape-in-the-digital-era\/#breadcrumb","itemListElement":[{"@type":"ListItem","position":1,"name":"Startseite","item":"https:\/\/www.nomos.de\/en\/"},{"@type":"ListItem","position":2,"name":"Digital media economy: The future of the media landscape in the digital era"}]},{"@type":"WebSite","@id":"https:\/\/www.nomos.de\/en\/#website","url":"https:\/\/www.nomos.de\/en\/","name":"nomos.de","description":"","publisher":{"@id":"https:\/\/www.nomos.de\/en\/#organization"},"potentialAction":[{"@type":"SearchAction","target":{"@type":"EntryPoint","urlTemplate":"https:\/\/www.nomos.de\/en\/?s={search_term_string}"},"query-input":{"@type":"PropertyValueSpecification","valueRequired":true,"valueName":"search_term_string"}}],"inLanguage":"en-US"},{"@type":"Organization","@id":"https:\/\/www.nomos.de\/en\/#organization","name":"Nomos","url":"https:\/\/www.nomos.de\/en\/","logo":{"@type":"ImageObject","inLanguage":"en-US","@id":"https:\/\/www.nomos.de\/en\/#\/schema\/logo\/image\/","url":"https:\/\/www.nomos.de\/wp-content\/uploads\/2023\/06\/favicon.png","contentUrl":"https:\/\/www.nomos.de\/wp-content\/uploads\/2023\/06\/favicon.png","width":225,"height":225,"caption":"Nomos"},"image":{"@id":"https:\/\/www.nomos.de\/en\/#\/schema\/logo\/image\/"}},{"@type":"Person","@id":"https:\/\/www.nomos.de\/en\/#\/schema\/person\/73fcfbd15e15cb3492c286f1003fee36","name":"Caroline Haeuser","sameAs":["http:\/\/www.nomos.de"],"url":"https:\/\/www.nomos.de\/en\/author\/chaeuser\/"}]}},"_links":{"self":[{"href":"https:\/\/www.nomos.de\/en\/wp-json\/wp\/v2\/posts\/29227","targetHints":{"allow":["GET"]}}],"collection":[{"href":"https:\/\/www.nomos.de\/en\/wp-json\/wp\/v2\/posts"}],"about":[{"href":"https:\/\/www.nomos.de\/en\/wp-json\/wp\/v2\/types\/post"}],"author":[{"embeddable":true,"href":"https:\/\/www.nomos.de\/en\/wp-json\/wp\/v2\/users\/6"}],"replies":[{"embeddable":true,"href":"https:\/\/www.nomos.de\/en\/wp-json\/wp\/v2\/comments?post=29227"}],"version-history":[{"count":1,"href":"https:\/\/www.nomos.de\/en\/wp-json\/wp\/v2\/posts\/29227\/revisions"}],"predecessor-version":[{"id":29228,"href":"https:\/\/www.nomos.de\/en\/wp-json\/wp\/v2\/posts\/29227\/revisions\/29228"}],"wp:featuredmedia":[{"embeddable":true,"href":"https:\/\/www.nomos.de\/en\/wp-json\/wp\/v2\/media\/27254"}],"wp:attachment":[{"href":"https:\/\/www.nomos.de\/en\/wp-json\/wp\/v2\/media?parent=29227"}],"wp:term":[{"taxonomy":"category","embeddable":true,"href":"https:\/\/www.nomos.de\/en\/wp-json\/wp\/v2\/categories?post=29227"},{"taxonomy":"post_tag","embeddable":true,"href":"https:\/\/www.nomos.de\/en\/wp-json\/wp\/v2\/tags?post=29227"}],"curies":[{"name":"wp","href":"https:\/\/api.w.org\/{rel}","templated":true}]}}