{"id":39217,"date":"2024-10-21T09:30:00","date_gmt":"2024-10-21T07:30:00","guid":{"rendered":"https:\/\/www.nomos.de\/tim-kroener-takes-over-as-head-of-digital-projects-at-nomos-verlag\/"},"modified":"2024-11-18T11:41:09","modified_gmt":"2024-11-18T10:41:09","slug":"tim-kroener-takes-over-as-head-of-digital-projects-at-nomos-verlag","status":"publish","type":"post","link":"https:\/\/www.nomos.de\/en\/tim-kroener-takes-over-as-head-of-digital-projects-at-nomos-verlag\/","title":{"rendered":"Tim Kr\u00f6ner takes over as Head of Digital Projects at Nomos Verlag"},"content":{"rendered":"<section class=\"content-news-article-header news-section \">\n    <div class=\"text-item\">\n                    <div class=\"content-news-article-header__terms\">\n                                            <\/div>\n        \n                    <h2>Tim Kr\u00f6ner takes over as Head of Digital Projects at Nomos Verlag<\/h2>\n            <\/div>\n\n    <div class=\"image-item\">\n            <picture class=\"content-block__image\">\n                                    \n                                                                                        \n                                                                    \n                                    <source\n                            type=\"image\/webp\"\n                            srcset=\"                                                                                                                                https:\/\/www.nomos.de\/wp-content\/uploads\/2024\/10\/HP-Headerbild-2000\u00d7-712-px-47-2000x0-c-default.webp 2000w\n                                                                                                                \"\n                            sizes=\"(min-width: 1028px) 620px, 490px\"\n                    >\n                                            \n                                                                                        \n                                                                    \n                                    <img decoding=\"async\"\n                                                    loading=\"eager\"\n                                                decode=\"async\"\n                        src=\"https:\/\/www.nomos.de\/wp-content\/uploads\/2024\/10\/HP-Headerbild-2000\u00d7-712-px-47-50x0-c-default.jpg\"\n                        srcset=\"                                                                                                                                https:\/\/www.nomos.de\/wp-content\/uploads\/2024\/10\/HP-Headerbild-2000\u00d7-712-px-47-2000x0-c-default.jpg 2000w\n                                                                                                                \"\n                        sizes=\"(min-width: 1028px) 620px, 490px\"\n                        alt=\"Tim Kr\u00f6ner \u00fcbernimmt Leitung f\u00fcr Digitale Projekte im Nomos Verlag\"\n                        \n                        width=\"2000\"\n                        height=\"\"\n                    >\n                                        <\/picture>\n\n    <\/div>\n<\/section>\n<section class=\"content-news-article-text news-section \">\n    <div class=\"text-inner\">\n                    <h3>Reinforcement for digital growth: Tim Kr\u00f6ner joins Nomos Verlag<\/h3>\n        \n                    <p>In February 2025, Tim Kr\u00f6ner will take over as Head of Digital Projects at Nomos Verlag. Kr\u00f6ner, who most recently worked as Head of Digital Media at VDI Verlag, brings many years of expertise in the field of digital transformation and media strategy and will make a decisive contribution to the further development of the publisher&#8217;s digital offerings.<\/p>\n<p>Tim Kr\u00f6ner studied sociology at the University of Trier, specialising in new media and business administration. Since 1999, he has gained extensive experience in various management positions, including at Deutsche Lufthansa AG, OnVista and as Managing Director of Ligatus GmbH. Most recently, he was Head of Digital Media at VDI Verlag since 2017, where he was responsible for all digital projects and processes.<\/p>\n<p>In his new role, Kr\u00f6ner will work alongside Dominik Trunk, who joined the team in July 2024. He will also liaise closely with the digital marketing department, in particular with the experienced experts Timo Ossfeld and Jeannine Trumpfheller.<\/p>\n<p>Tim Kr\u00f6ner succeeds Dirk Trompetter, who was responsible for the successful relaunch of the <a href=\"https:\/\/www.nomos-shop.de\/en\/\" target=\"_blank\" rel=\"noopener\">NomosShop<\/a>, among other things, and is now moving back to the Rhineland. Kr\u00f6ner is thus taking over a well-prepared IT landscape on which he can seamlessly build with his expertise.<\/p>\n\n            <\/div>\n<\/section>\n<section class=\"content-news-article-quote news-section \">\n    <div class=\"text-inner \">\n                    <p>\n                <svg aria-hidden=\"true\" class=\"content-news-article-quote__arrow\" width=\"30\" height=\"24\" viewBox=\"0 0 30 24\" fill=\"none\" xmlns=\"http:\/\/www.w3.org\/2000\/svg\"><path d=\"M30 12.2892L20.6747 23.8795L13.8072 20.3373L20.4337 11.9518L13.8072 3.59036L20.6747 0L30 11.6386V12.2892ZM16.1205 12.2892L6.79518 23.8795L0 20.3373L6.55422 11.9518L0 3.59036L6.79518 0L16.1205 11.6386V12.2892Z\" fill=\"currentColor\"\/><\/svg>\n\n                I am very grateful to Dirk Trompetter for driving forward the digital topics at Nomos with great vigour and for modernising our shop in particular. In Tim Kr\u00f6ner, we have gained an experienced digital publishing manager with whom we will continue to digitalise our products and internal workflows in order to remain successful on the market in the future.\n\n                <svg aria-hidden=\"true\" class=\"content-news-article-quote__arrow content-news-article-quote__arrow--right\" width=\"30\" height=\"24\" viewBox=\"0 0 30 24\" fill=\"none\" xmlns=\"http:\/\/www.w3.org\/2000\/svg\"><path d=\"M30 12.2892L20.6747 23.8795L13.8072 20.3373L20.4337 11.9518L13.8072 3.59036L20.6747 0L30 11.6386V12.2892ZM16.1205 12.2892L6.79518 23.8795L0 20.3373L6.55422 11.9518L0 3.59036L6.79518 0L16.1205 11.6386V12.2892Z\" fill=\"currentColor\"\/><\/svg>\n            <\/p>\n        \n        <span>\n                            <strong>Thomas Gottl\u00f6ber\n\n                                                                        ,\n                                            \n                <\/strong>\n            \n                            Managing Director of Nomos Verlag\n                    <\/span>\n    <\/div>\n<\/section>\n<section class=\"social-icons \">\n    <div class=\"text-inner\">\n\n    <h4 class=\"social-icons__headline\">\n        Diesen Beitrag teilen:\n    <\/h4>\n\n    <ul class=\"social-icons__list\">\n        <li class=\"social-icons__list-item\">\n            <a href=\"mailto:?body=https%3A%2F%2Fwww.nomos.de%2Fen%2Fwp-json%2Fwp%2Fv2%2Fposts%2F39217\"\n               rel=\"noreferer noopener\"\n               target=\"_blank\"\n               class=\"social-icons__link\">\n                <span class=\"screen-reader-text\">Mail<\/span>\n\n                <svg aria-hidden=\"true\" class=\"social-icons__icon\" viewBox=\"0 0 24 24\" fill=\"none\" xmlns=\"http:\/\/www.w3.org\/2000\/svg\"><path d=\"M21 5.25L12 13.5L3 5.25\" stroke=\"currentColor\" stroke-width=\"2\"\/><rect x=\"3\" y=\"5\" width=\"18\" height=\"14\" stroke=\"currentColor\" stroke-width=\"2\"\/><\/svg>\n            <\/a>\n        <\/li>\n\n        <li class=\"social-icons__list-item\">\n            <a href=\"https:\/\/www.facebook.com\/sharer\/sharer.php?display=page&#038;u=https%3A%2F%2Fwww.nomos.de%2Fen%2Fwp-json%2Fwp%2Fv2%2Fposts%2F39217\"\n               rel=\"noreferer noopener\"\n               target=\"_blank\"\n               class=\"social-icons__link\">\n                <span class=\"screen-reader-text\">Facebook<\/span>\n\n                <svg aria-hidden=\"true\" class=\"social-icons__icon\" viewBox=\"0 0 24 24\" fill=\"none\" xmlns=\"http:\/\/www.w3.org\/2000\/svg\"><path fill-rule=\"evenodd\" clip-rule=\"evenodd\" d=\"M12 3C16.9706 3 21 7.02943 21 12C21 16.4921 17.7088 20.2155 13.4062 20.8907V14.6016H15.5033L15.9023 12H13.4062V10.3125C13.4062 9.60076 13.755 8.90625 14.873 8.90625H16.0078V6.69141C16.0078 6.69141 15.219 6.55682 14.3624 6.52318C14.24 6.51837 14.1162 6.51562 13.9932 6.51562C11.9374 6.51562 10.5938 7.76156 10.5938 10.0172V12H8.30859V14.6016H10.5938V20.8907C6.29115 20.2155 3 16.4921 3 12C3 7.02943 7.02943 3 12 3Z\" fill=\"currentColor\"\/><\/svg>\n            <\/a>\n        <\/li>\n\n        <li class=\"social-icons__list-item\">\n            <a href=\"https:\/\/twitter.com\/intent\/tweet?url=https%3A%2F%2Fwww.nomos.de%2Fen%2Fwp-json%2Fwp%2Fv2%2Fposts%2F39217\"\n               rel=\"noreferer noopener\"\n               target=\"_blank\"\n               class=\"social-icons__link\">\n                <span class=\"screen-reader-text\">X<\/span>\n\n                <svg aria-hidden=\"true\" width=\"16\" height=\"16\" viewBox=\"0 0 1200 1227\" xmlns=\"http:\/\/www.w3.org\/2000\/svg\">\n    <path d=\"M714.163 519.284L1160.89 0H1055.03L667.137 450.887L357.328 0H0L468.492 681.821L0 1226.37H105.866L515.491 750.218L842.672 1226.37H1200L714.137 519.284H714.163ZM569.165 687.828L521.697 619.934L144.011 79.6944H306.615L611.412 515.685L658.88 583.579L1055.08 1150.3H892.476L569.165 687.854V687.828Z\" \/>\n<\/svg>\n            <\/a>\n        <\/li>\n\n        <li class=\"social-icons__list-item\">\n            <a href=\"https:\/\/www.linkedin.com\/sharing\/share-offsite\/?url=https%3A%2F%2Fwww.nomos.de%2Fen%2Fwp-json%2Fwp%2Fv2%2Fposts%2F39217\"\n               rel=\"noreferer noopener\"\n               target=\"_blank\"\n               class=\"social-icons__link\">\n                <span class=\"screen-reader-text\">LinkedIn<\/span>\n\n                <svg aria-hidden=\"true\" class=\"social-icons__icon\" viewBox=\"0 0 24 24\" fill=\"none\" xmlns=\"http:\/\/www.w3.org\/2000\/svg\"><path d=\"M19.6712 3H4.32875C3.97634 3 3.63837 3.13999 3.38918 3.38918C3.13999 3.63837 3 3.97634 3 4.32875V19.6712C3 20.0237 3.13999 20.3616 3.38918 20.6108C3.63837 20.86 3.97634 21 4.32875 21H19.6712C20.0237 21 20.3616 20.86 20.6108 20.6108C20.86 20.3616 21 20.0237 21 19.6712V4.32875C21 3.97634 20.86 3.63837 20.6108 3.38918C20.3616 3.13999 20.0237 3 19.6712 3ZM8.365 18.3337H5.65875V9.7375H8.365V18.3337ZM7.01 8.54625C6.70302 8.54452 6.40344 8.4519 6.14905 8.28007C5.89466 8.10823 5.69688 7.8649 5.58066 7.58077C5.46444 7.29664 5.43499 6.98444 5.49602 6.68359C5.55706 6.38274 5.70585 6.10671 5.92362 5.89034C6.14138 5.67396 6.41836 5.52695 6.7196 5.46785C7.02084 5.40874 7.33283 5.4402 7.61621 5.55824C7.89959 5.67628 8.14165 5.87563 8.31185 6.13111C8.48204 6.38659 8.57274 6.68677 8.5725 6.99375C8.5754 7.19928 8.53688 7.40328 8.45926 7.5936C8.38163 7.78393 8.26649 7.95668 8.12068 8.10155C7.97487 8.24643 7.80139 8.36046 7.61057 8.43686C7.41975 8.51326 7.2155 8.55047 7.01 8.54625ZM18.34 18.3412H15.635V13.645C15.635 12.26 15.0463 11.8325 14.2863 11.8325C13.4838 11.8325 12.6962 12.4375 12.6962 13.68V18.3412H9.99V9.74375H12.5925V10.935H12.6275C12.8888 10.4063 13.8038 9.5025 15.2 9.5025C16.71 9.5025 18.3412 10.3988 18.3412 13.0238L18.34 18.3412Z\" fill=\"currentColor\"\/><\/svg>\n            <\/a>\n        <\/li>\n    <\/ul>\n    <\/div>\n<\/section>\n\n<section class=\"news-related-slider \">\n    <div class=\"news-related-slider__section-header\">\n        <h3>Related Articles<\/h3>\n    <\/div>\n\n    <div class=\"container news-related-slider__container swiper-container js-news-related-slider\">\n        <div class=\"news-related-slider__slider-wrapper swiper-wrapper\">\n                                            \n                                                            \n                                                            \n                                    <\/div>\n    <\/div>\n\n    <div class=\"news-related-slider__navigation\">\n        <div class=\"news-related-slider__button news-related-slider__button--next js-news-related-slider-next\"><\/div>\n        <div class=\"news-related-slider__button news-related-slider__button--previous js-news-related-slider-previous disabled\"><\/div>\n    <\/div>\n<\/section>\n","protected":false},"excerpt":{"rendered":"<p>In February 2025, Tim Kr\u00f6ner will take over as Head of Digital Projects at Nomos Verlag. Kr\u00f6ner, who most recently worked as Head of Digital Media at VDI Verlag, brings many years of expertise in the field of digital transformation and media strategy and will make a decisive contribution to the further development of the publisher&#8217;s digital offerings.<\/p>\n","protected":false},"author":6,"featured_media":38483,"comment_status":"closed","ping_status":"open","sticky":false,"template":"","format":"standard","meta":{"_acf_changed":false,"footnotes":""},"categories":[138],"tags":[1880,1879,1878,1871,1870,1877],"class_list":["post-39217","post","type-post","status-publish","format-standard","has-post-thumbnail","hentry","category-all","tag-digital","tag-digital-projects","tag-dirk-trompetter-en","tag-nomos-publishing-house","tag-thomas-gottloeber-en","tag-tim-kroener"],"acf":[],"yoast_head":"<!-- This site is optimized with the Yoast SEO Premium plugin v26.1 (Yoast SEO v26.2) - https:\/\/yoast.com\/wordpress\/plugins\/seo\/ -->\n<title>Tim Kr\u00f6ner Head of Digital Projects Nomos Verlag<\/title>\n<meta name=\"description\" content=\"In February 2025, Tim Kr\u00f6ner, most recently Head of Digital Media at VDI Verlag, will take over as Head of Digital Projects at Nomos Verlag.\" \/>\n<meta name=\"robots\" content=\"index, follow, max-snippet:-1, max-image-preview:large, max-video-preview:-1\" \/>\n<link rel=\"canonical\" href=\"https:\/\/www.nomos.de\/en\/tim-kroener-takes-over-as-head-of-digital-projects-at-nomos-verlag\/\" \/>\n<meta property=\"og:locale\" content=\"en_US\" \/>\n<meta property=\"og:type\" content=\"article\" \/>\n<meta property=\"og:title\" content=\"Tim Kr\u00f6ner takes over as Head of Digital Projects at Nomos Verlag\" \/>\n<meta property=\"og:description\" content=\"In February 2025, Tim Kr\u00f6ner, most recently Head of Digital Media at VDI Verlag, will take over as Head of Digital Projects at Nomos Verlag.\" \/>\n<meta property=\"og:url\" content=\"https:\/\/www.nomos.de\/en\/tim-kroener-takes-over-as-head-of-digital-projects-at-nomos-verlag\/\" \/>\n<meta property=\"og:site_name\" content=\"nomos.de\" \/>\n<meta property=\"article:published_time\" content=\"2024-10-21T07:30:00+00:00\" \/>\n<meta property=\"article:modified_time\" content=\"2024-11-18T10:41:09+00:00\" \/>\n<meta property=\"og:image\" content=\"https:\/\/www.nomos.de\/wp-content\/uploads\/2024\/10\/HP-Beitragsbild-632-\u00d7-320-px-47.jpg\" \/>\n\t<meta property=\"og:image:width\" content=\"632\" \/>\n\t<meta property=\"og:image:height\" content=\"320\" \/>\n\t<meta property=\"og:image:type\" content=\"image\/jpeg\" \/>\n<meta name=\"author\" content=\"Caroline Haeuser\" \/>\n<meta name=\"twitter:card\" content=\"summary_large_image\" \/>\n<meta name=\"twitter:label1\" content=\"Written by\" \/>\n\t<meta name=\"twitter:data1\" content=\"Caroline Haeuser\" \/>\n<script type=\"application\/ld+json\" class=\"yoast-schema-graph\">{\"@context\":\"https:\/\/schema.org\",\"@graph\":[{\"@type\":\"Article\",\"@id\":\"https:\/\/www.nomos.de\/en\/tim-kroener-takes-over-as-head-of-digital-projects-at-nomos-verlag\/#article\",\"isPartOf\":{\"@id\":\"https:\/\/www.nomos.de\/en\/tim-kroener-takes-over-as-head-of-digital-projects-at-nomos-verlag\/\"},\"author\":{\"name\":\"Caroline Haeuser\",\"@id\":\"https:\/\/www.nomos.de\/en\/#\/schema\/person\/73fcfbd15e15cb3492c286f1003fee36\"},\"headline\":\"Tim Kr\u00f6ner takes over as Head of Digital Projects at Nomos Verlag\",\"datePublished\":\"2024-10-21T07:30:00+00:00\",\"dateModified\":\"2024-11-18T10:41:09+00:00\",\"mainEntityOfPage\":{\"@id\":\"https:\/\/www.nomos.de\/en\/tim-kroener-takes-over-as-head-of-digital-projects-at-nomos-verlag\/\"},\"wordCount\":13,\"publisher\":{\"@id\":\"https:\/\/www.nomos.de\/en\/#organization\"},\"image\":{\"@id\":\"https:\/\/www.nomos.de\/en\/tim-kroener-takes-over-as-head-of-digital-projects-at-nomos-verlag\/#primaryimage\"},\"thumbnailUrl\":\"https:\/\/www.nomos.de\/wp-content\/uploads\/2024\/10\/HP-Beitragsbild-632-\u00d7-320-px-47.jpg\",\"keywords\":[\"Digital\",\"Digital projects\",\"Dirk Trompetter\",\"Nomos Publishing House\",\"Thomas Gottl\u00f6ber\",\"Tim Kr\u00f6ner\"],\"articleSection\":[\"All\"],\"inLanguage\":\"en-US\"},{\"@type\":\"WebPage\",\"@id\":\"https:\/\/www.nomos.de\/en\/tim-kroener-takes-over-as-head-of-digital-projects-at-nomos-verlag\/\",\"url\":\"https:\/\/www.nomos.de\/en\/tim-kroener-takes-over-as-head-of-digital-projects-at-nomos-verlag\/\",\"name\":\"Tim Kr\u00f6ner Head of Digital Projects Nomos Verlag\",\"isPartOf\":{\"@id\":\"https:\/\/www.nomos.de\/en\/#website\"},\"primaryImageOfPage\":{\"@id\":\"https:\/\/www.nomos.de\/en\/tim-kroener-takes-over-as-head-of-digital-projects-at-nomos-verlag\/#primaryimage\"},\"image\":{\"@id\":\"https:\/\/www.nomos.de\/en\/tim-kroener-takes-over-as-head-of-digital-projects-at-nomos-verlag\/#primaryimage\"},\"thumbnailUrl\":\"https:\/\/www.nomos.de\/wp-content\/uploads\/2024\/10\/HP-Beitragsbild-632-\u00d7-320-px-47.jpg\",\"datePublished\":\"2024-10-21T07:30:00+00:00\",\"dateModified\":\"2024-11-18T10:41:09+00:00\",\"description\":\"In February 2025, Tim Kr\u00f6ner, most recently Head of Digital Media at VDI Verlag, will take over as Head of Digital Projects at Nomos Verlag.\",\"breadcrumb\":{\"@id\":\"https:\/\/www.nomos.de\/en\/tim-kroener-takes-over-as-head-of-digital-projects-at-nomos-verlag\/#breadcrumb\"},\"inLanguage\":\"en-US\",\"potentialAction\":[{\"@type\":\"ReadAction\",\"target\":[\"https:\/\/www.nomos.de\/en\/tim-kroener-takes-over-as-head-of-digital-projects-at-nomos-verlag\/\"]}]},{\"@type\":\"ImageObject\",\"inLanguage\":\"en-US\",\"@id\":\"https:\/\/www.nomos.de\/en\/tim-kroener-takes-over-as-head-of-digital-projects-at-nomos-verlag\/#primaryimage\",\"url\":\"https:\/\/www.nomos.de\/wp-content\/uploads\/2024\/10\/HP-Beitragsbild-632-\u00d7-320-px-47.jpg\",\"contentUrl\":\"https:\/\/www.nomos.de\/wp-content\/uploads\/2024\/10\/HP-Beitragsbild-632-\u00d7-320-px-47.jpg\",\"width\":632,\"height\":320,\"caption\":\"Tim Kr\u00f6ner \u00fcbernimmt Leitung f\u00fcr Digitale Projekte im Nomos Verlag\"},{\"@type\":\"BreadcrumbList\",\"@id\":\"https:\/\/www.nomos.de\/en\/tim-kroener-takes-over-as-head-of-digital-projects-at-nomos-verlag\/#breadcrumb\",\"itemListElement\":[{\"@type\":\"ListItem\",\"position\":1,\"name\":\"Startseite\",\"item\":\"https:\/\/www.nomos.de\/en\/\"},{\"@type\":\"ListItem\",\"position\":2,\"name\":\"Tim Kr\u00f6ner takes over as Head of Digital Projects at Nomos Verlag\"}]},{\"@type\":\"WebSite\",\"@id\":\"https:\/\/www.nomos.de\/en\/#website\",\"url\":\"https:\/\/www.nomos.de\/en\/\",\"name\":\"nomos.de\",\"description\":\"\",\"publisher\":{\"@id\":\"https:\/\/www.nomos.de\/en\/#organization\"},\"potentialAction\":[{\"@type\":\"SearchAction\",\"target\":{\"@type\":\"EntryPoint\",\"urlTemplate\":\"https:\/\/www.nomos.de\/en\/?s={search_term_string}\"},\"query-input\":{\"@type\":\"PropertyValueSpecification\",\"valueRequired\":true,\"valueName\":\"search_term_string\"}}],\"inLanguage\":\"en-US\"},{\"@type\":\"Organization\",\"@id\":\"https:\/\/www.nomos.de\/en\/#organization\",\"name\":\"Nomos\",\"url\":\"https:\/\/www.nomos.de\/en\/\",\"logo\":{\"@type\":\"ImageObject\",\"inLanguage\":\"en-US\",\"@id\":\"https:\/\/www.nomos.de\/en\/#\/schema\/logo\/image\/\",\"url\":\"https:\/\/www.nomos.de\/wp-content\/uploads\/2023\/06\/favicon.png\",\"contentUrl\":\"https:\/\/www.nomos.de\/wp-content\/uploads\/2023\/06\/favicon.png\",\"width\":225,\"height\":225,\"caption\":\"Nomos\"},\"image\":{\"@id\":\"https:\/\/www.nomos.de\/en\/#\/schema\/logo\/image\/\"}},{\"@type\":\"Person\",\"@id\":\"https:\/\/www.nomos.de\/en\/#\/schema\/person\/73fcfbd15e15cb3492c286f1003fee36\",\"name\":\"Caroline Haeuser\",\"sameAs\":[\"http:\/\/www.nomos.de\"],\"url\":\"https:\/\/www.nomos.de\/en\/author\/chaeuser\/\"}]}<\/script>\n<!-- \/ Yoast SEO Premium plugin. -->","yoast_head_json":{"title":"Tim Kr\u00f6ner Head of Digital Projects Nomos Verlag","description":"In February 2025, Tim Kr\u00f6ner, most recently Head of Digital Media at VDI Verlag, will take over as Head of Digital Projects at Nomos Verlag.","robots":{"index":"index","follow":"follow","max-snippet":"max-snippet:-1","max-image-preview":"max-image-preview:large","max-video-preview":"max-video-preview:-1"},"canonical":"https:\/\/www.nomos.de\/en\/tim-kroener-takes-over-as-head-of-digital-projects-at-nomos-verlag\/","og_locale":"en_US","og_type":"article","og_title":"Tim Kr\u00f6ner takes over as Head of Digital Projects at Nomos Verlag","og_description":"In February 2025, Tim Kr\u00f6ner, most recently Head of Digital Media at VDI Verlag, will take over as Head of Digital Projects at Nomos Verlag.","og_url":"https:\/\/www.nomos.de\/en\/tim-kroener-takes-over-as-head-of-digital-projects-at-nomos-verlag\/","og_site_name":"nomos.de","article_published_time":"2024-10-21T07:30:00+00:00","article_modified_time":"2024-11-18T10:41:09+00:00","og_image":[{"width":632,"height":320,"url":"https:\/\/www.nomos.de\/wp-content\/uploads\/2024\/10\/HP-Beitragsbild-632-\u00d7-320-px-47.jpg","type":"image\/jpeg"}],"author":"Caroline Haeuser","twitter_card":"summary_large_image","twitter_misc":{"Written by":"Caroline Haeuser"},"schema":{"@context":"https:\/\/schema.org","@graph":[{"@type":"Article","@id":"https:\/\/www.nomos.de\/en\/tim-kroener-takes-over-as-head-of-digital-projects-at-nomos-verlag\/#article","isPartOf":{"@id":"https:\/\/www.nomos.de\/en\/tim-kroener-takes-over-as-head-of-digital-projects-at-nomos-verlag\/"},"author":{"name":"Caroline Haeuser","@id":"https:\/\/www.nomos.de\/en\/#\/schema\/person\/73fcfbd15e15cb3492c286f1003fee36"},"headline":"Tim Kr\u00f6ner takes over as Head of Digital Projects at Nomos Verlag","datePublished":"2024-10-21T07:30:00+00:00","dateModified":"2024-11-18T10:41:09+00:00","mainEntityOfPage":{"@id":"https:\/\/www.nomos.de\/en\/tim-kroener-takes-over-as-head-of-digital-projects-at-nomos-verlag\/"},"wordCount":13,"publisher":{"@id":"https:\/\/www.nomos.de\/en\/#organization"},"image":{"@id":"https:\/\/www.nomos.de\/en\/tim-kroener-takes-over-as-head-of-digital-projects-at-nomos-verlag\/#primaryimage"},"thumbnailUrl":"https:\/\/www.nomos.de\/wp-content\/uploads\/2024\/10\/HP-Beitragsbild-632-\u00d7-320-px-47.jpg","keywords":["Digital","Digital projects","Dirk Trompetter","Nomos Publishing House","Thomas Gottl\u00f6ber","Tim Kr\u00f6ner"],"articleSection":["All"],"inLanguage":"en-US"},{"@type":"WebPage","@id":"https:\/\/www.nomos.de\/en\/tim-kroener-takes-over-as-head-of-digital-projects-at-nomos-verlag\/","url":"https:\/\/www.nomos.de\/en\/tim-kroener-takes-over-as-head-of-digital-projects-at-nomos-verlag\/","name":"Tim Kr\u00f6ner Head of Digital Projects Nomos Verlag","isPartOf":{"@id":"https:\/\/www.nomos.de\/en\/#website"},"primaryImageOfPage":{"@id":"https:\/\/www.nomos.de\/en\/tim-kroener-takes-over-as-head-of-digital-projects-at-nomos-verlag\/#primaryimage"},"image":{"@id":"https:\/\/www.nomos.de\/en\/tim-kroener-takes-over-as-head-of-digital-projects-at-nomos-verlag\/#primaryimage"},"thumbnailUrl":"https:\/\/www.nomos.de\/wp-content\/uploads\/2024\/10\/HP-Beitragsbild-632-\u00d7-320-px-47.jpg","datePublished":"2024-10-21T07:30:00+00:00","dateModified":"2024-11-18T10:41:09+00:00","description":"In February 2025, Tim Kr\u00f6ner, most recently Head of Digital Media at VDI Verlag, will take over as Head of Digital Projects at Nomos Verlag.","breadcrumb":{"@id":"https:\/\/www.nomos.de\/en\/tim-kroener-takes-over-as-head-of-digital-projects-at-nomos-verlag\/#breadcrumb"},"inLanguage":"en-US","potentialAction":[{"@type":"ReadAction","target":["https:\/\/www.nomos.de\/en\/tim-kroener-takes-over-as-head-of-digital-projects-at-nomos-verlag\/"]}]},{"@type":"ImageObject","inLanguage":"en-US","@id":"https:\/\/www.nomos.de\/en\/tim-kroener-takes-over-as-head-of-digital-projects-at-nomos-verlag\/#primaryimage","url":"https:\/\/www.nomos.de\/wp-content\/uploads\/2024\/10\/HP-Beitragsbild-632-\u00d7-320-px-47.jpg","contentUrl":"https:\/\/www.nomos.de\/wp-content\/uploads\/2024\/10\/HP-Beitragsbild-632-\u00d7-320-px-47.jpg","width":632,"height":320,"caption":"Tim Kr\u00f6ner \u00fcbernimmt Leitung f\u00fcr Digitale Projekte im Nomos Verlag"},{"@type":"BreadcrumbList","@id":"https:\/\/www.nomos.de\/en\/tim-kroener-takes-over-as-head-of-digital-projects-at-nomos-verlag\/#breadcrumb","itemListElement":[{"@type":"ListItem","position":1,"name":"Startseite","item":"https:\/\/www.nomos.de\/en\/"},{"@type":"ListItem","position":2,"name":"Tim Kr\u00f6ner takes over as Head of Digital Projects at Nomos Verlag"}]},{"@type":"WebSite","@id":"https:\/\/www.nomos.de\/en\/#website","url":"https:\/\/www.nomos.de\/en\/","name":"nomos.de","description":"","publisher":{"@id":"https:\/\/www.nomos.de\/en\/#organization"},"potentialAction":[{"@type":"SearchAction","target":{"@type":"EntryPoint","urlTemplate":"https:\/\/www.nomos.de\/en\/?s={search_term_string}"},"query-input":{"@type":"PropertyValueSpecification","valueRequired":true,"valueName":"search_term_string"}}],"inLanguage":"en-US"},{"@type":"Organization","@id":"https:\/\/www.nomos.de\/en\/#organization","name":"Nomos","url":"https:\/\/www.nomos.de\/en\/","logo":{"@type":"ImageObject","inLanguage":"en-US","@id":"https:\/\/www.nomos.de\/en\/#\/schema\/logo\/image\/","url":"https:\/\/www.nomos.de\/wp-content\/uploads\/2023\/06\/favicon.png","contentUrl":"https:\/\/www.nomos.de\/wp-content\/uploads\/2023\/06\/favicon.png","width":225,"height":225,"caption":"Nomos"},"image":{"@id":"https:\/\/www.nomos.de\/en\/#\/schema\/logo\/image\/"}},{"@type":"Person","@id":"https:\/\/www.nomos.de\/en\/#\/schema\/person\/73fcfbd15e15cb3492c286f1003fee36","name":"Caroline Haeuser","sameAs":["http:\/\/www.nomos.de"],"url":"https:\/\/www.nomos.de\/en\/author\/chaeuser\/"}]}},"_links":{"self":[{"href":"https:\/\/www.nomos.de\/en\/wp-json\/wp\/v2\/posts\/39217","targetHints":{"allow":["GET"]}}],"collection":[{"href":"https:\/\/www.nomos.de\/en\/wp-json\/wp\/v2\/posts"}],"about":[{"href":"https:\/\/www.nomos.de\/en\/wp-json\/wp\/v2\/types\/post"}],"author":[{"embeddable":true,"href":"https:\/\/www.nomos.de\/en\/wp-json\/wp\/v2\/users\/6"}],"replies":[{"embeddable":true,"href":"https:\/\/www.nomos.de\/en\/wp-json\/wp\/v2\/comments?post=39217"}],"version-history":[{"count":1,"href":"https:\/\/www.nomos.de\/en\/wp-json\/wp\/v2\/posts\/39217\/revisions"}],"predecessor-version":[{"id":39218,"href":"https:\/\/www.nomos.de\/en\/wp-json\/wp\/v2\/posts\/39217\/revisions\/39218"}],"wp:featuredmedia":[{"embeddable":true,"href":"https:\/\/www.nomos.de\/en\/wp-json\/wp\/v2\/media\/38483"}],"wp:attachment":[{"href":"https:\/\/www.nomos.de\/en\/wp-json\/wp\/v2\/media?parent=39217"}],"wp:term":[{"taxonomy":"category","embeddable":true,"href":"https:\/\/www.nomos.de\/en\/wp-json\/wp\/v2\/categories?post=39217"},{"taxonomy":"post_tag","embeddable":true,"href":"https:\/\/www.nomos.de\/en\/wp-json\/wp\/v2\/tags?post=39217"}],"curies":[{"name":"wp","href":"https:\/\/api.w.org\/{rel}","templated":true}]}}